{"id":13588,"date":"2026-04-20T12:04:18","date_gmt":"2026-04-20T12:04:18","guid":{"rendered":"https:\/\/poliklinika-adria.ba\/?p=13588"},"modified":"2026-04-20T12:05:46","modified_gmt":"2026-04-20T12:05:46","slug":"poliklinika-adria-ugostila-vrhunske-svjetske-ljekare-besplatni-pregledi-u-polikinici-adria-medical-center-tuzla","status":"publish","type":"post","link":"https:\/\/poliklinika-adria.ba\/index.php\/2026\/04\/20\/poliklinika-adria-ugostila-vrhunske-svjetske-ljekare-besplatni-pregledi-u-polikinici-adria-medical-center-tuzla\/","title":{"rendered":"POLIKLINIKA ADRIA UGOSTILA VRHUNSKE SVJETSKE LJEKARE (BESPLATNI PREGLEDI U POLIKINICI ADRIA MEDICAL CENTER TUZLA)"},"content":{"rendered":"\n<p>Vrhunski svjetski stru\u010dnjaci iz Turske dr. Ali Zirh i dr. Dr. \u00d6zg\u00fcn K\u00f6ksal ordinaju u Poliklinici Adria za pacijente oboljele od Parkinsonove bolesti i tremora.<br>Dr. Ali Z\u0131rh je turski neurohirurg specijaliziran za Parkinsonovu bolest, poreme\u0107aje pokreta i duboku mo\u017edanu stimulaciju (DBS \/ \u201cbeyin pili\u201d). Smatra se jednim od poznatijih stru\u010dnjaka u Turskoj u oblasti funkcionalne neurohirurgije.<\/p>\n\n\n\n<p>Dr. \u00d6zg\u00fcn K\u00f6ksal je turska neurologinja specijalizirana za Parkinsonovu bolest i poreme\u0107aje pokreta.<\/p>\n\n\n\n<p>U periodu od 15-17. Aprila veliki broj pacijenata sa ovom vrstom oboljenja imat \u0107e priliku da budu tretirani od najboljih svjetskih ljekara sa prijedlogom lije\u010denja uz najsofisticiranije metode ili operacije za izlje\u010denje u Istanbulu. Prilika je to i za sve druge pacijente koji budu imali potrebu za ovom vrstom zdravstvene usluge da se obrate u narednom periodu za sve informacije.<br>Direktor Poliklinike Adria Dr. Mirsad Selimovi\u0107 iskazao je zadovoljstvo na uspje\u0161noj organizaciji trodnevnog prisustva vrhunskih ljekata u Tuzli te uputio zahvalnost gostima \u0161to su odabrali Tuzlanski kanton u BiH za uspostavljanje prisnije saradnje ljekara Turske i BiH.<br>Tokom obra\u0107anja javnosti dr. Ali Zirh je obrazlo\u017eio na\u010din provo\u0111enja intervencija i operativnih zahvata u cilju rje\u0161avanja problema sa tremorom. Obzirom da je profesor Ali prvi puta u BiH iskori\u0161tena je prilika da svoje znanje prenese i na druge kolege te je odr\u017eao predavanje na simpoziju neurologa u Tuzli iz oblasti Parkinsonizma i duboke mo\u017edane stimulacije sa ciljem edukacije i osposobljavanja ljekara iz BiH za ove vrste zdravstvenih usluga.<\/p>\n\n\n\n<figure class=\"wp-block-gallery has-nested-images columns-default is-cropped wp-block-gallery-1 is-layout-flex wp-block-gallery-is-layout-flex\">\n<figure class=\"wp-block-image size-large\"><img fetchpriority=\"high\" decoding=\"async\" width=\"1024\" height=\"577\" data-id=\"13589\" src=\"https:\/\/poliklinika-adria.ba\/wp-content\/uploads\/2026\/04\/adria1-1024x577.jpg\" alt=\"\" class=\"wp-image-13589\" srcset=\"https:\/\/poliklinika-adria.ba\/wp-content\/uploads\/2026\/04\/adria1-1024x577.jpg 1024w, https:\/\/poliklinika-adria.ba\/wp-content\/uploads\/2026\/04\/adria1-300x169.jpg 300w, https:\/\/poliklinika-adria.ba\/wp-content\/uploads\/2026\/04\/adria1-768x432.jpg 768w, https:\/\/poliklinika-adria.ba\/wp-content\/uploads\/2026\/04\/adria1-1536x865.jpg 1536w, https:\/\/poliklinika-adria.ba\/wp-content\/uploads\/2026\/04\/adria1.jpg 1600w\" sizes=\"(max-width: 1024px) 100vw, 1024px\" \/><\/figure>\n\n\n\n<figure class=\"wp-block-image size-large\"><img decoding=\"async\" width=\"1024\" height=\"576\" data-id=\"13590\" src=\"https:\/\/poliklinika-adria.ba\/wp-content\/uploads\/2026\/04\/adria2-1024x576.jpg\" alt=\"\" class=\"wp-image-13590\" srcset=\"https:\/\/poliklinika-adria.ba\/wp-content\/uploads\/2026\/04\/adria2-1024x576.jpg 1024w, https:\/\/poliklinika-adria.ba\/wp-content\/uploads\/2026\/04\/adria2-300x169.jpg 300w, https:\/\/poliklinika-adria.ba\/wp-content\/uploads\/2026\/04\/adria2-768x432.jpg 768w, https:\/\/poliklinika-adria.ba\/wp-content\/uploads\/2026\/04\/adria2-1536x864.jpg 1536w, https:\/\/poliklinika-adria.ba\/wp-content\/uploads\/2026\/04\/adria2.jpg 1800w\" sizes=\"(max-width: 1024px) 100vw, 1024px\" \/><\/figure>\n\n\n\n<figure class=\"wp-block-image size-large\"><img decoding=\"async\" width=\"1024\" height=\"576\" data-id=\"13591\" src=\"https:\/\/poliklinika-adria.ba\/wp-content\/uploads\/2026\/04\/adria3-1024x576.jpg\" alt=\"\" class=\"wp-image-13591\" srcset=\"https:\/\/poliklinika-adria.ba\/wp-content\/uploads\/2026\/04\/adria3-1024x576.jpg 1024w, https:\/\/poliklinika-adria.ba\/wp-content\/uploads\/2026\/04\/adria3-300x169.jpg 300w, https:\/\/poliklinika-adria.ba\/wp-content\/uploads\/2026\/04\/adria3-768x432.jpg 768w, https:\/\/poliklinika-adria.ba\/wp-content\/uploads\/2026\/04\/adria3-1536x864.jpg 1536w, https:\/\/poliklinika-adria.ba\/wp-content\/uploads\/2026\/04\/adria3.jpg 1800w\" sizes=\"(max-width: 1024px) 100vw, 1024px\" \/><\/figure>\n\n\n\n<figure class=\"wp-block-image size-large\"><img loading=\"lazy\" decoding=\"async\" width=\"1024\" height=\"576\" data-id=\"13600\" src=\"https:\/\/poliklinika-adria.ba\/wp-content\/uploads\/2026\/04\/adria4-1024x576.jpg\" alt=\"\" class=\"wp-image-13600\" srcset=\"https:\/\/poliklinika-adria.ba\/wp-content\/uploads\/2026\/04\/adria4-1024x576.jpg 1024w, https:\/\/poliklinika-adria.ba\/wp-content\/uploads\/2026\/04\/adria4-300x169.jpg 300w, https:\/\/poliklinika-adria.ba\/wp-content\/uploads\/2026\/04\/adria4-768x432.jpg 768w, https:\/\/poliklinika-adria.ba\/wp-content\/uploads\/2026\/04\/adria4-1536x864.jpg 1536w, https:\/\/poliklinika-adria.ba\/wp-content\/uploads\/2026\/04\/adria4.jpg 1800w\" sizes=\"(max-width: 1024px) 100vw, 1024px\" \/><\/figure>\n\n\n\n<figure class=\"wp-block-image size-large\"><img loading=\"lazy\" decoding=\"async\" width=\"1024\" height=\"576\" data-id=\"13595\" src=\"https:\/\/poliklinika-adria.ba\/wp-content\/uploads\/2026\/04\/adria5-1024x576.jpg\" alt=\"\" class=\"wp-image-13595\" srcset=\"https:\/\/poliklinika-adria.ba\/wp-content\/uploads\/2026\/04\/adria5-1024x576.jpg 1024w, https:\/\/poliklinika-adria.ba\/wp-content\/uploads\/2026\/04\/adria5-300x169.jpg 300w, https:\/\/poliklinika-adria.ba\/wp-content\/uploads\/2026\/04\/adria5-768x432.jpg 768w, https:\/\/poliklinika-adria.ba\/wp-content\/uploads\/2026\/04\/adria5-1536x864.jpg 1536w, https:\/\/poliklinika-adria.ba\/wp-content\/uploads\/2026\/04\/adria5.jpg 1920w\" sizes=\"(max-width: 1024px) 100vw, 1024px\" \/><\/figure>\n\n\n\n<figure class=\"wp-block-image size-large\"><img loading=\"lazy\" decoding=\"async\" width=\"1024\" height=\"576\" data-id=\"13599\" src=\"https:\/\/poliklinika-adria.ba\/wp-content\/uploads\/2026\/04\/adria6-1024x576.jpg\" alt=\"\" class=\"wp-image-13599\" srcset=\"https:\/\/poliklinika-adria.ba\/wp-content\/uploads\/2026\/04\/adria6-1024x576.jpg 1024w, https:\/\/poliklinika-adria.ba\/wp-content\/uploads\/2026\/04\/adria6-300x169.jpg 300w, https:\/\/poliklinika-adria.ba\/wp-content\/uploads\/2026\/04\/adria6-768x432.jpg 768w, https:\/\/poliklinika-adria.ba\/wp-content\/uploads\/2026\/04\/adria6-1536x864.jpg 1536w, https:\/\/poliklinika-adria.ba\/wp-content\/uploads\/2026\/04\/adria6.jpg 1920w\" sizes=\"(max-width: 1024px) 100vw, 1024px\" \/><\/figure>\n\n\n\n<figure class=\"wp-block-image size-large\"><img loading=\"lazy\" decoding=\"async\" width=\"1024\" height=\"576\" data-id=\"13593\" src=\"https:\/\/poliklinika-adria.ba\/wp-content\/uploads\/2026\/04\/adria7-1024x576.jpg\" alt=\"\" class=\"wp-image-13593\" srcset=\"https:\/\/poliklinika-adria.ba\/wp-content\/uploads\/2026\/04\/adria7-1024x576.jpg 1024w, https:\/\/poliklinika-adria.ba\/wp-content\/uploads\/2026\/04\/adria7-300x169.jpg 300w, https:\/\/poliklinika-adria.ba\/wp-content\/uploads\/2026\/04\/adria7-768x432.jpg 768w, https:\/\/poliklinika-adria.ba\/wp-content\/uploads\/2026\/04\/adria7-1536x864.jpg 1536w, https:\/\/poliklinika-adria.ba\/wp-content\/uploads\/2026\/04\/adria7.jpg 1920w\" sizes=\"(max-width: 1024px) 100vw, 1024px\" \/><\/figure>\n\n\n\n<figure class=\"wp-block-image size-large\"><img loading=\"lazy\" decoding=\"async\" width=\"1024\" height=\"576\" data-id=\"13594\" src=\"https:\/\/poliklinika-adria.ba\/wp-content\/uploads\/2026\/04\/adria8-1024x576.jpg\" alt=\"\" class=\"wp-image-13594\" srcset=\"https:\/\/poliklinika-adria.ba\/wp-content\/uploads\/2026\/04\/adria8-1024x576.jpg 1024w, https:\/\/poliklinika-adria.ba\/wp-content\/uploads\/2026\/04\/adria8-300x169.jpg 300w, https:\/\/poliklinika-adria.ba\/wp-content\/uploads\/2026\/04\/adria8-768x432.jpg 768w, https:\/\/poliklinika-adria.ba\/wp-content\/uploads\/2026\/04\/adria8-1536x864.jpg 1536w, https:\/\/poliklinika-adria.ba\/wp-content\/uploads\/2026\/04\/adria8.jpg 1800w\" sizes=\"(max-width: 1024px) 100vw, 1024px\" \/><\/figure>\n\n\n\n<figure class=\"wp-block-image size-large\"><img loading=\"lazy\" decoding=\"async\" width=\"1024\" height=\"576\" data-id=\"13592\" src=\"https:\/\/poliklinika-adria.ba\/wp-content\/uploads\/2026\/04\/adria9-1024x576.jpg\" alt=\"\" class=\"wp-image-13592\" srcset=\"https:\/\/poliklinika-adria.ba\/wp-content\/uploads\/2026\/04\/adria9-1024x576.jpg 1024w, https:\/\/poliklinika-adria.ba\/wp-content\/uploads\/2026\/04\/adria9-300x169.jpg 300w, https:\/\/poliklinika-adria.ba\/wp-content\/uploads\/2026\/04\/adria9-768x432.jpg 768w, https:\/\/poliklinika-adria.ba\/wp-content\/uploads\/2026\/04\/adria9-1536x864.jpg 1536w, https:\/\/poliklinika-adria.ba\/wp-content\/uploads\/2026\/04\/adria9.jpg 1800w\" sizes=\"(max-width: 1024px) 100vw, 1024px\" \/><\/figure>\n\n\n\n<figure class=\"wp-block-image size-large\"><img loading=\"lazy\" decoding=\"async\" width=\"1024\" height=\"576\" data-id=\"13597\" src=\"https:\/\/poliklinika-adria.ba\/wp-content\/uploads\/2026\/04\/adria10-1024x576.jpg\" alt=\"\" class=\"wp-image-13597\" srcset=\"https:\/\/poliklinika-adria.ba\/wp-content\/uploads\/2026\/04\/adria10-1024x576.jpg 1024w, https:\/\/poliklinika-adria.ba\/wp-content\/uploads\/2026\/04\/adria10-300x169.jpg 300w, https:\/\/poliklinika-adria.ba\/wp-content\/uploads\/2026\/04\/adria10-768x432.jpg 768w, https:\/\/poliklinika-adria.ba\/wp-content\/uploads\/2026\/04\/adria10-1536x864.jpg 1536w, https:\/\/poliklinika-adria.ba\/wp-content\/uploads\/2026\/04\/adria10.jpg 1920w\" sizes=\"(max-width: 1024px) 100vw, 1024px\" \/><\/figure>\n\n\n\n<figure class=\"wp-block-image size-large\"><img loading=\"lazy\" decoding=\"async\" width=\"1024\" height=\"576\" data-id=\"13598\" src=\"https:\/\/poliklinika-adria.ba\/wp-content\/uploads\/2026\/04\/adria11-1024x576.jpg\" alt=\"\" class=\"wp-image-13598\" srcset=\"https:\/\/poliklinika-adria.ba\/wp-content\/uploads\/2026\/04\/adria11-1024x576.jpg 1024w, https:\/\/poliklinika-adria.ba\/wp-content\/uploads\/2026\/04\/adria11-300x169.jpg 300w, https:\/\/poliklinika-adria.ba\/wp-content\/uploads\/2026\/04\/adria11-768x432.jpg 768w, https:\/\/poliklinika-adria.ba\/wp-content\/uploads\/2026\/04\/adria11-1536x864.jpg 1536w, https:\/\/poliklinika-adria.ba\/wp-content\/uploads\/2026\/04\/adria11.jpg 1920w\" sizes=\"(max-width: 1024px) 100vw, 1024px\" \/><\/figure>\n\n\n\n<figure class=\"wp-block-image size-large\"><img loading=\"lazy\" decoding=\"async\" width=\"768\" height=\"1024\" data-id=\"13596\" src=\"https:\/\/poliklinika-adria.ba\/wp-content\/uploads\/2026\/04\/adria12-768x1024.jpg\" alt=\"\" class=\"wp-image-13596\" srcset=\"https:\/\/poliklinika-adria.ba\/wp-content\/uploads\/2026\/04\/adria12-768x1024.jpg 768w, https:\/\/poliklinika-adria.ba\/wp-content\/uploads\/2026\/04\/adria12-225x300.jpg 225w, https:\/\/poliklinika-adria.ba\/wp-content\/uploads\/2026\/04\/adria12-1152x1536.jpg 1152w, https:\/\/poliklinika-adria.ba\/wp-content\/uploads\/2026\/04\/adria12.jpg 1350w\" sizes=\"(max-width: 768px) 100vw, 768px\" \/><\/figure>\n\n\n\n<figure class=\"wp-block-image size-large\"><img loading=\"lazy\" decoding=\"async\" width=\"757\" height=\"1024\" data-id=\"13602\" src=\"https:\/\/poliklinika-adria.ba\/wp-content\/uploads\/2026\/04\/adria13-757x1024.jpg\" alt=\"\" class=\"wp-image-13602\" srcset=\"https:\/\/poliklinika-adria.ba\/wp-content\/uploads\/2026\/04\/adria13-757x1024.jpg 757w, https:\/\/poliklinika-adria.ba\/wp-content\/uploads\/2026\/04\/adria13-222x300.jpg 222w, https:\/\/poliklinika-adria.ba\/wp-content\/uploads\/2026\/04\/adria13-768x1039.jpg 768w, https:\/\/poliklinika-adria.ba\/wp-content\/uploads\/2026\/04\/adria13-1135x1536.jpg 1135w, https:\/\/poliklinika-adria.ba\/wp-content\/uploads\/2026\/04\/adria13.jpg 1330w\" sizes=\"(max-width: 757px) 100vw, 757px\" \/><\/figure>\n\n\n\n<figure class=\"wp-block-image size-large\"><img loading=\"lazy\" decoding=\"async\" width=\"1024\" height=\"768\" data-id=\"13603\" src=\"https:\/\/poliklinika-adria.ba\/wp-content\/uploads\/2026\/04\/adria14-1024x768.jpg\" alt=\"\" class=\"wp-image-13603\" srcset=\"https:\/\/poliklinika-adria.ba\/wp-content\/uploads\/2026\/04\/adria14-1024x768.jpg 1024w, https:\/\/poliklinika-adria.ba\/wp-content\/uploads\/2026\/04\/adria14-300x225.jpg 300w, https:\/\/poliklinika-adria.ba\/wp-content\/uploads\/2026\/04\/adria14-768x576.jpg 768w, https:\/\/poliklinika-adria.ba\/wp-content\/uploads\/2026\/04\/adria14-1536x1152.jpg 1536w, https:\/\/poliklinika-adria.ba\/wp-content\/uploads\/2026\/04\/adria14.jpg 1800w\" sizes=\"(max-width: 1024px) 100vw, 1024px\" \/><\/figure>\n\n\n\n<figure class=\"wp-block-image size-large\"><img loading=\"lazy\" decoding=\"async\" width=\"1024\" height=\"768\" data-id=\"13606\" src=\"https:\/\/poliklinika-adria.ba\/wp-content\/uploads\/2026\/04\/adria15-1024x768.jpg\" alt=\"\" class=\"wp-image-13606\" srcset=\"https:\/\/poliklinika-adria.ba\/wp-content\/uploads\/2026\/04\/adria15-1024x768.jpg 1024w, https:\/\/poliklinika-adria.ba\/wp-content\/uploads\/2026\/04\/adria15-300x225.jpg 300w, https:\/\/poliklinika-adria.ba\/wp-content\/uploads\/2026\/04\/adria15-768x576.jpg 768w, https:\/\/poliklinika-adria.ba\/wp-content\/uploads\/2026\/04\/adria15-1536x1152.jpg 1536w, https:\/\/poliklinika-adria.ba\/wp-content\/uploads\/2026\/04\/adria15.jpg 1800w\" sizes=\"(max-width: 1024px) 100vw, 1024px\" \/><\/figure>\n\n\n\n<figure class=\"wp-block-image size-large\"><img loading=\"lazy\" decoding=\"async\" width=\"1024\" height=\"768\" data-id=\"13601\" src=\"https:\/\/poliklinika-adria.ba\/wp-content\/uploads\/2026\/04\/adria16-1024x768.jpg\" alt=\"\" class=\"wp-image-13601\" srcset=\"https:\/\/poliklinika-adria.ba\/wp-content\/uploads\/2026\/04\/adria16-1024x768.jpg 1024w, https:\/\/poliklinika-adria.ba\/wp-content\/uploads\/2026\/04\/adria16-300x225.jpg 300w, https:\/\/poliklinika-adria.ba\/wp-content\/uploads\/2026\/04\/adria16-768x576.jpg 768w, https:\/\/poliklinika-adria.ba\/wp-content\/uploads\/2026\/04\/adria16-1536x1152.jpg 1536w, https:\/\/poliklinika-adria.ba\/wp-content\/uploads\/2026\/04\/adria16.jpg 1800w\" sizes=\"(max-width: 1024px) 100vw, 1024px\" \/><\/figure>\n\n\n\n<figure class=\"wp-block-image size-large\"><img loading=\"lazy\" decoding=\"async\" width=\"1024\" height=\"834\" data-id=\"13604\" src=\"https:\/\/poliklinika-adria.ba\/wp-content\/uploads\/2026\/04\/adria17-1024x834.jpg\" alt=\"\" class=\"wp-image-13604\" srcset=\"https:\/\/poliklinika-adria.ba\/wp-content\/uploads\/2026\/04\/adria17-1024x834.jpg 1024w, https:\/\/poliklinika-adria.ba\/wp-content\/uploads\/2026\/04\/adria17-300x244.jpg 300w, https:\/\/poliklinika-adria.ba\/wp-content\/uploads\/2026\/04\/adria17-768x625.jpg 768w, https:\/\/poliklinika-adria.ba\/wp-content\/uploads\/2026\/04\/adria17-1536x1251.jpg 1536w, https:\/\/poliklinika-adria.ba\/wp-content\/uploads\/2026\/04\/adria17.jpg 1800w\" sizes=\"(max-width: 1024px) 100vw, 1024px\" \/><\/figure>\n\n\n\n<figure class=\"wp-block-image size-large\"><img loading=\"lazy\" decoding=\"async\" width=\"1024\" height=\"768\" data-id=\"13605\" src=\"https:\/\/poliklinika-adria.ba\/wp-content\/uploads\/2026\/04\/adria18-1024x768.jpg\" alt=\"\" class=\"wp-image-13605\" srcset=\"https:\/\/poliklinika-adria.ba\/wp-content\/uploads\/2026\/04\/adria18-1024x768.jpg 1024w, https:\/\/poliklinika-adria.ba\/wp-content\/uploads\/2026\/04\/adria18-300x225.jpg 300w, https:\/\/poliklinika-adria.ba\/wp-content\/uploads\/2026\/04\/adria18-768x576.jpg 768w, https:\/\/poliklinika-adria.ba\/wp-content\/uploads\/2026\/04\/adria18-1536x1152.jpg 1536w, https:\/\/poliklinika-adria.ba\/wp-content\/uploads\/2026\/04\/adria18.jpg 1800w\" sizes=\"(max-width: 1024px) 100vw, 1024px\" \/><\/figure>\n<\/figure>\n","protected":false},"excerpt":{"rendered":"<p>Vrhunski svjetski stru\u010dnjaci iz Turske dr. Ali Zirh i dr. Dr. \u00d6zg\u00fcn K\u00f6ksal ordinaju u Poliklinici Adria za pacijente oboljele od Parkinsonove bolesti i tremora.Dr. Ali Z\u0131rh je turski neurohirurg specijaliziran za Parkinsonovu bolest, poreme\u0107aje pokreta i duboku mo\u017edanu stimulaciju (DBS \/ \u201cbeyin pili\u201d). Smatra se jednim od poznatijih stru\u010dnjaka u Turskoj u oblasti funkcionalne [&hellip;]<\/p>\n","protected":false},"author":1,"featured_media":13608,"comment_status":"open","ping_status":"open","sticky":false,"template":"","format":"standard","meta":{"footnotes":""},"categories":[57],"tags":[],"class_list":["post-13588","post","type-post","status-publish","format-standard","has-post-thumbnail","hentry","category-poliklinika"],"_links":{"self":[{"href":"https:\/\/poliklinika-adria.ba\/index.php\/wp-json\/wp\/v2\/posts\/13588","targetHints":{"allow":["GET"]}}],"collection":[{"href":"https:\/\/poliklinika-adria.ba\/index.php\/wp-json\/wp\/v2\/posts"}],"about":[{"href":"https:\/\/poliklinika-adria.ba\/index.php\/wp-json\/wp\/v2\/types\/post"}],"author":[{"embeddable":true,"href":"https:\/\/poliklinika-adria.ba\/index.php\/wp-json\/wp\/v2\/users\/1"}],"replies":[{"embeddable":true,"href":"https:\/\/poliklinika-adria.ba\/index.php\/wp-json\/wp\/v2\/comments?post=13588"}],"version-history":[{"count":1,"href":"https:\/\/poliklinika-adria.ba\/index.php\/wp-json\/wp\/v2\/posts\/13588\/revisions"}],"predecessor-version":[{"id":13607,"href":"https:\/\/poliklinika-adria.ba\/index.php\/wp-json\/wp\/v2\/posts\/13588\/revisions\/13607"}],"wp:featuredmedia":[{"embeddable":true,"href":"https:\/\/poliklinika-adria.ba\/index.php\/wp-json\/wp\/v2\/media\/13608"}],"wp:attachment":[{"href":"https:\/\/poliklinika-adria.ba\/index.php\/wp-json\/wp\/v2\/media?parent=13588"}],"wp:term":[{"taxonomy":"category","embeddable":true,"href":"https:\/\/poliklinika-adria.ba\/index.php\/wp-json\/wp\/v2\/categories?post=13588"},{"taxonomy":"post_tag","embeddable":true,"href":"https:\/\/poliklinika-adria.ba\/index.php\/wp-json\/wp\/v2\/tags?post=13588"}],"curies":[{"name":"wp","href":"https:\/\/api.w.org\/{rel}","templated":true}]}}